{"id":222,"date":"2025-04-28T05:14:28","date_gmt":"2025-04-28T05:14:28","guid":{"rendered":"https:\/\/www.acerina.fi\/?p=222"},"modified":"2025-04-28T05:14:28","modified_gmt":"2025-04-28T05:14:28","slug":"kokonaisarkkitehtuuri-on-liiketoiminnan-johtamisen-valine","status":"publish","type":"post","link":"https:\/\/www.acerina.fi\/index.php\/2025\/04\/28\/kokonaisarkkitehtuuri-on-liiketoiminnan-johtamisen-valine\/","title":{"rendered":"Kokonaisarkkitehtuuri on kriittinen liiketoiminnan johtamisen v\u00e4line \u2013 kunhan se tehd\u00e4\u00e4n liiketoimintal\u00e4ht\u00f6isesti."},"content":{"rendered":"\n<p>Monissa organisaatioissa kokonaisarkkitehtuuri ymm\u00e4rret\u00e4\u00e4n edelleen ensisijaisesti IT:n harjoitteena. Karttoja, j\u00e4rjestelm\u00e4luetteloita ja teknisi\u00e4 riippuvuuksia kyll\u00e4 tuotetaan \u2013 mutta ne j\u00e4\u00e4v\u00e4t irrallisiksi liiketoiminnan n\u00e4k\u00f6kulmasta.<\/p>\n\n\n\n<p>T\u00e4m\u00e4 on hukattu mahdollisuus.<\/p>\n\n\n\n<p>Todellinen vaikuttavuus saavutetaan, kun kokonaisarkkitehtuurity\u00f6 rakennetaan <strong>liiketoimintastrategian<\/strong> pohjalta:<\/p>\n\n\n\n<ul class=\"wp-block-list\">\n<li>Miten strategiset tavoitteet konkretisoituvat prosesseiksi ja palveluiksi?<\/li>\n\n\n\n<li>Mihin kyvykkyyksiin meid\u00e4n tulee investoida \u2013 ja mill\u00e4 aikaj\u00e4nteell\u00e4?<\/li>\n\n\n\n<li>Miten varmistamme, ett\u00e4 teknologia tukee arvolupausta, eik\u00e4 muodostu pullonkaulaksi?<\/li>\n<\/ul>\n\n\n\n<p>Hyvin johdettu arkkitehtuurity\u00f6 tuo l\u00e4pin\u00e4kyvyytt\u00e4, priorisointikyky\u00e4 ja yhteisen n\u00e4kym\u00e4n eri toimintojen v\u00e4lille. Se mahdollistaa systemaattisen muutoksenhallinnan ja vahvistaa liiketoiminnan ketteryytt\u00e4 nopeasti muuttuvassa toimintaymp\u00e4rist\u00f6ss\u00e4.<\/p>\n\n\n\n<p>Kyse ei ole dokumentoinnista \u2013 vaan <strong>p\u00e4\u00e4t\u00f6ksenteon ja muutosjohtamisen tukemisesta<\/strong>.<\/p>\n\n\n\n<p>Kun kokonaisarkkitehtuuri sidotaan tiiviisti liiketoimintaan, siit\u00e4 tulee aidosti strateginen ty\u00f6kalu. Silloin arkkitehtuurity\u00f6 ei tapahdu \u201cIT:n nurkassa\u201d, vaan sen omistaa koko organisaatio.<\/p>\n\n\n\n<p>Miten teill\u00e4 varmistetaan, ett\u00e4 arkkitehtuurity\u00f6 linkittyy liiketoiminnan tavoitteisiin?<\/p>\n\n\n\n<p>#kokonaisarkkitehtuuri #enterprisearchitecture #strategia #muutosjohtaminen #liiketoimintal\u00e4ht\u00f6isyys #johtaminen #businessarchitecture #governance<\/p>\n\n\n\n<p><a href=\"https:\/\/www.acerina.fi\/index.php\/palvelut\/lisaa-palveluita\/\">Lue lis\u00e4\u00e4&#8230;<\/a><\/p>\n\n\n\n<p><\/p>\n","protected":false},"excerpt":{"rendered":"<p>Monissa organisaatioissa kokonaisarkkitehtuuri ymm\u00e4rret\u00e4\u00e4n edelleen ensisijaisesti IT:n harjoitteena. Karttoja, j\u00e4rjestelm\u00e4luetteloita ja teknisi\u00e4 riippuvuuksia kyll\u00e4 tuotetaan \u2013 mutta ne j\u00e4\u00e4v\u00e4t irrallisiksi liiketoiminnan n\u00e4k\u00f6kulmasta. T\u00e4m\u00e4 on hukattu mahdollisuus. Todellinen vaikuttavuus saavutetaan, kun kokonaisarkkitehtuurity\u00f6 rakennetaan liiketoimintastrategian pohjalta: Hyvin johdettu arkkitehtuurity\u00f6 tuo l\u00e4pin\u00e4kyvyytt\u00e4, priorisointikyky\u00e4 ja yhteisen n\u00e4kym\u00e4n eri toimintojen v\u00e4lille. Se mahdollistaa systemaattisen muutoksenhallinnan ja vahvistaa liiketoiminnan ketteryytt\u00e4 nopeasti &hellip; <\/p>\n<p class=\"link-more\"><a href=\"https:\/\/www.acerina.fi\/index.php\/2025\/04\/28\/kokonaisarkkitehtuuri-on-liiketoiminnan-johtamisen-valine\/\" class=\"more-link\">Read more<span class=\"screen-reader-text\"> &#8221;Kokonaisarkkitehtuuri on kriittinen liiketoiminnan johtamisen v\u00e4line \u2013 kunhan se tehd\u00e4\u00e4n liiketoimintal\u00e4ht\u00f6isesti.&#8221;<\/span><\/a><\/p>\n","protected":false},"author":2,"featured_media":223,"comment_status":"open","ping_status":"open","sticky":false,"template":"","format":"standard","meta":{"footnotes":""},"categories":[1],"tags":[],"class_list":["post-222","post","type-post","status-publish","format-standard","has-post-thumbnail","hentry","category-uncategorized"],"yoast_head":"<!-- This site is optimized with the Yoast SEO plugin v27.4 - https:\/\/yoast.com\/product\/yoast-seo-wordpress\/ -->\n<title>Kokonaisarkkitehtuuri on kriittinen liiketoiminnan johtamisen v\u00e4line \u2013 kunhan se tehd\u00e4\u00e4n liiketoimintal\u00e4ht\u00f6isesti. - Acerina Oy<\/title>\n<meta name=\"description\" content=\"Kokonaisarkkitehtuuri on kriittinen liiketoiminnan johtamisen v\u00e4line - kunhan se tehd\u00e4\u00e4n liiketoimintal\u00e4ht\u00f6isesti\" \/>\n<meta name=\"robots\" content=\"index, follow, max-snippet:-1, max-image-preview:large, max-video-preview:-1\" \/>\n<link rel=\"canonical\" href=\"https:\/\/www.acerina.fi\/index.php\/2025\/04\/28\/kokonaisarkkitehtuuri-on-liiketoiminnan-johtamisen-valine\/\" \/>\n<meta property=\"og:locale\" content=\"fi_FI\" \/>\n<meta property=\"og:type\" content=\"article\" \/>\n<meta property=\"og:title\" content=\"Kokonaisarkkitehtuuri on kriittinen liiketoiminnan johtamisen v\u00e4line \u2013 kunhan se tehd\u00e4\u00e4n liiketoimintal\u00e4ht\u00f6isesti. - Acerina Oy\" \/>\n<meta property=\"og:description\" content=\"Kokonaisarkkitehtuuri on kriittinen liiketoiminnan johtamisen v\u00e4line - kunhan se tehd\u00e4\u00e4n liiketoimintal\u00e4ht\u00f6isesti\" \/>\n<meta property=\"og:url\" content=\"https:\/\/www.acerina.fi\/index.php\/2025\/04\/28\/kokonaisarkkitehtuuri-on-liiketoiminnan-johtamisen-valine\/\" \/>\n<meta property=\"og:site_name\" content=\"Acerina Oy\" \/>\n<meta property=\"article:published_time\" content=\"2025-04-28T05:14:28+00:00\" \/>\n<meta property=\"og:image\" content=\"https:\/\/www.acerina.fi\/wp-content\/uploads\/2025\/04\/kokonaisarkkitehtuuri.jpg\" \/>\n\t<meta property=\"og:image:width\" content=\"1024\" \/>\n\t<meta property=\"og:image:height\" content=\"576\" \/>\n\t<meta property=\"og:image:type\" content=\"image\/jpeg\" \/>\n<meta name=\"author\" content=\"Juha Kiiski\" \/>\n<meta name=\"twitter:card\" content=\"summary_large_image\" \/>\n<meta name=\"twitter:label1\" content=\"Kirjoittanut\" \/>\n\t<meta name=\"twitter:data1\" content=\"Juha Kiiski\" \/>\n\t<meta name=\"twitter:label2\" content=\"Arvioitu lukuaika\" \/>\n\t<meta name=\"twitter:data2\" content=\"1 minuutti\" \/>\n<script type=\"application\/ld+json\" class=\"yoast-schema-graph\">{\"@context\":\"https:\\\/\\\/schema.org\",\"@graph\":[{\"@type\":\"Article\",\"@id\":\"https:\\\/\\\/www.acerina.fi\\\/index.php\\\/2025\\\/04\\\/28\\\/kokonaisarkkitehtuuri-on-liiketoiminnan-johtamisen-valine\\\/#article\",\"isPartOf\":{\"@id\":\"https:\\\/\\\/www.acerina.fi\\\/index.php\\\/2025\\\/04\\\/28\\\/kokonaisarkkitehtuuri-on-liiketoiminnan-johtamisen-valine\\\/\"},\"author\":{\"name\":\"Juha Kiiski\",\"@id\":\"https:\\\/\\\/www.acerina.fi\\\/#\\\/schema\\\/person\\\/334963e1b514e58dce365a627e400745\"},\"headline\":\"Kokonaisarkkitehtuuri on kriittinen liiketoiminnan johtamisen v\u00e4line \u2013 kunhan se tehd\u00e4\u00e4n liiketoimintal\u00e4ht\u00f6isesti.\",\"datePublished\":\"2025-04-28T05:14:28+00:00\",\"mainEntityOfPage\":{\"@id\":\"https:\\\/\\\/www.acerina.fi\\\/index.php\\\/2025\\\/04\\\/28\\\/kokonaisarkkitehtuuri-on-liiketoiminnan-johtamisen-valine\\\/\"},\"wordCount\":167,\"commentCount\":0,\"publisher\":{\"@id\":\"https:\\\/\\\/www.acerina.fi\\\/#organization\"},\"image\":{\"@id\":\"https:\\\/\\\/www.acerina.fi\\\/index.php\\\/2025\\\/04\\\/28\\\/kokonaisarkkitehtuuri-on-liiketoiminnan-johtamisen-valine\\\/#primaryimage\"},\"thumbnailUrl\":\"https:\\\/\\\/www.acerina.fi\\\/wp-content\\\/uploads\\\/2025\\\/04\\\/kokonaisarkkitehtuuri.jpg\",\"articleSection\":[\"Uncategorized\"],\"inLanguage\":\"fi\",\"potentialAction\":[{\"@type\":\"CommentAction\",\"name\":\"Comment\",\"target\":[\"https:\\\/\\\/www.acerina.fi\\\/index.php\\\/2025\\\/04\\\/28\\\/kokonaisarkkitehtuuri-on-liiketoiminnan-johtamisen-valine\\\/#respond\"]}]},{\"@type\":\"WebPage\",\"@id\":\"https:\\\/\\\/www.acerina.fi\\\/index.php\\\/2025\\\/04\\\/28\\\/kokonaisarkkitehtuuri-on-liiketoiminnan-johtamisen-valine\\\/\",\"url\":\"https:\\\/\\\/www.acerina.fi\\\/index.php\\\/2025\\\/04\\\/28\\\/kokonaisarkkitehtuuri-on-liiketoiminnan-johtamisen-valine\\\/\",\"name\":\"Kokonaisarkkitehtuuri on kriittinen liiketoiminnan johtamisen v\u00e4line \u2013 kunhan se tehd\u00e4\u00e4n liiketoimintal\u00e4ht\u00f6isesti. - Acerina Oy\",\"isPartOf\":{\"@id\":\"https:\\\/\\\/www.acerina.fi\\\/#website\"},\"primaryImageOfPage\":{\"@id\":\"https:\\\/\\\/www.acerina.fi\\\/index.php\\\/2025\\\/04\\\/28\\\/kokonaisarkkitehtuuri-on-liiketoiminnan-johtamisen-valine\\\/#primaryimage\"},\"image\":{\"@id\":\"https:\\\/\\\/www.acerina.fi\\\/index.php\\\/2025\\\/04\\\/28\\\/kokonaisarkkitehtuuri-on-liiketoiminnan-johtamisen-valine\\\/#primaryimage\"},\"thumbnailUrl\":\"https:\\\/\\\/www.acerina.fi\\\/wp-content\\\/uploads\\\/2025\\\/04\\\/kokonaisarkkitehtuuri.jpg\",\"datePublished\":\"2025-04-28T05:14:28+00:00\",\"description\":\"Kokonaisarkkitehtuuri on kriittinen liiketoiminnan johtamisen v\u00e4line - kunhan se tehd\u00e4\u00e4n liiketoimintal\u00e4ht\u00f6isesti\",\"breadcrumb\":{\"@id\":\"https:\\\/\\\/www.acerina.fi\\\/index.php\\\/2025\\\/04\\\/28\\\/kokonaisarkkitehtuuri-on-liiketoiminnan-johtamisen-valine\\\/#breadcrumb\"},\"inLanguage\":\"fi\",\"potentialAction\":[{\"@type\":\"ReadAction\",\"target\":[\"https:\\\/\\\/www.acerina.fi\\\/index.php\\\/2025\\\/04\\\/28\\\/kokonaisarkkitehtuuri-on-liiketoiminnan-johtamisen-valine\\\/\"]}]},{\"@type\":\"ImageObject\",\"inLanguage\":\"fi\",\"@id\":\"https:\\\/\\\/www.acerina.fi\\\/index.php\\\/2025\\\/04\\\/28\\\/kokonaisarkkitehtuuri-on-liiketoiminnan-johtamisen-valine\\\/#primaryimage\",\"url\":\"https:\\\/\\\/www.acerina.fi\\\/wp-content\\\/uploads\\\/2025\\\/04\\\/kokonaisarkkitehtuuri.jpg\",\"contentUrl\":\"https:\\\/\\\/www.acerina.fi\\\/wp-content\\\/uploads\\\/2025\\\/04\\\/kokonaisarkkitehtuuri.jpg\",\"width\":1024,\"height\":576},{\"@type\":\"BreadcrumbList\",\"@id\":\"https:\\\/\\\/www.acerina.fi\\\/index.php\\\/2025\\\/04\\\/28\\\/kokonaisarkkitehtuuri-on-liiketoiminnan-johtamisen-valine\\\/#breadcrumb\",\"itemListElement\":[{\"@type\":\"ListItem\",\"position\":1,\"name\":\"Etusivu\",\"item\":\"https:\\\/\\\/www.acerina.fi\\\/\"},{\"@type\":\"ListItem\",\"position\":2,\"name\":\"Kokonaisarkkitehtuuri on kriittinen liiketoiminnan johtamisen v\u00e4line \u2013 kunhan se tehd\u00e4\u00e4n liiketoimintal\u00e4ht\u00f6isesti.\"}]},{\"@type\":\"WebSite\",\"@id\":\"https:\\\/\\\/www.acerina.fi\\\/#website\",\"url\":\"https:\\\/\\\/www.acerina.fi\\\/\",\"name\":\"Acerina Oy\",\"description\":\"IT-johtamisen palvelut k&auml;ytt&ouml;&ouml;si\",\"publisher\":{\"@id\":\"https:\\\/\\\/www.acerina.fi\\\/#organization\"},\"potentialAction\":[{\"@type\":\"SearchAction\",\"target\":{\"@type\":\"EntryPoint\",\"urlTemplate\":\"https:\\\/\\\/www.acerina.fi\\\/?s={search_term_string}\"},\"query-input\":{\"@type\":\"PropertyValueSpecification\",\"valueRequired\":true,\"valueName\":\"search_term_string\"}}],\"inLanguage\":\"fi\"},{\"@type\":\"Organization\",\"@id\":\"https:\\\/\\\/www.acerina.fi\\\/#organization\",\"name\":\"Acerina Oy\",\"url\":\"https:\\\/\\\/www.acerina.fi\\\/\",\"logo\":{\"@type\":\"ImageObject\",\"inLanguage\":\"fi\",\"@id\":\"https:\\\/\\\/www.acerina.fi\\\/#\\\/schema\\\/logo\\\/image\\\/\",\"url\":\"https:\\\/\\\/www.acerina.fi\\\/wp-content\\\/uploads\\\/2025\\\/03\\\/cropped-AcerinaNEW_logoPNG-valkoinen.png\",\"contentUrl\":\"https:\\\/\\\/www.acerina.fi\\\/wp-content\\\/uploads\\\/2025\\\/03\\\/cropped-AcerinaNEW_logoPNG-valkoinen.png\",\"width\":470,\"height\":470,\"caption\":\"Acerina Oy\"},\"image\":{\"@id\":\"https:\\\/\\\/www.acerina.fi\\\/#\\\/schema\\\/logo\\\/image\\\/\"},\"sameAs\":[\"https:\\\/\\\/www.linkedin.com\\\/company\\\/acerina-oy\\\/\"]},{\"@type\":\"Person\",\"@id\":\"https:\\\/\\\/www.acerina.fi\\\/#\\\/schema\\\/person\\\/334963e1b514e58dce365a627e400745\",\"name\":\"Juha Kiiski\",\"image\":{\"@type\":\"ImageObject\",\"inLanguage\":\"fi\",\"@id\":\"https:\\\/\\\/secure.gravatar.com\\\/avatar\\\/59f451d57d54726fd7d24f4ccf6c97b7d7460779809412bfc714c5848acaea24?s=96&d=mm&r=g\",\"url\":\"https:\\\/\\\/secure.gravatar.com\\\/avatar\\\/59f451d57d54726fd7d24f4ccf6c97b7d7460779809412bfc714c5848acaea24?s=96&d=mm&r=g\",\"contentUrl\":\"https:\\\/\\\/secure.gravatar.com\\\/avatar\\\/59f451d57d54726fd7d24f4ccf6c97b7d7460779809412bfc714c5848acaea24?s=96&d=mm&r=g\",\"caption\":\"Juha Kiiski\"},\"url\":\"https:\\\/\\\/www.acerina.fi\\\/index.php\\\/author\\\/juha_kiiski\\\/\"}]}<\/script>\n<!-- \/ Yoast SEO plugin. -->","yoast_head_json":{"title":"Kokonaisarkkitehtuuri on kriittinen liiketoiminnan johtamisen v\u00e4line \u2013 kunhan se tehd\u00e4\u00e4n liiketoimintal\u00e4ht\u00f6isesti. - Acerina Oy","description":"Kokonaisarkkitehtuuri on kriittinen liiketoiminnan johtamisen v\u00e4line - kunhan se tehd\u00e4\u00e4n liiketoimintal\u00e4ht\u00f6isesti","robots":{"index":"index","follow":"follow","max-snippet":"max-snippet:-1","max-image-preview":"max-image-preview:large","max-video-preview":"max-video-preview:-1"},"canonical":"https:\/\/www.acerina.fi\/index.php\/2025\/04\/28\/kokonaisarkkitehtuuri-on-liiketoiminnan-johtamisen-valine\/","og_locale":"fi_FI","og_type":"article","og_title":"Kokonaisarkkitehtuuri on kriittinen liiketoiminnan johtamisen v\u00e4line \u2013 kunhan se tehd\u00e4\u00e4n liiketoimintal\u00e4ht\u00f6isesti. - Acerina Oy","og_description":"Kokonaisarkkitehtuuri on kriittinen liiketoiminnan johtamisen v\u00e4line - kunhan se tehd\u00e4\u00e4n liiketoimintal\u00e4ht\u00f6isesti","og_url":"https:\/\/www.acerina.fi\/index.php\/2025\/04\/28\/kokonaisarkkitehtuuri-on-liiketoiminnan-johtamisen-valine\/","og_site_name":"Acerina Oy","article_published_time":"2025-04-28T05:14:28+00:00","og_image":[{"width":1024,"height":576,"url":"https:\/\/www.acerina.fi\/wp-content\/uploads\/2025\/04\/kokonaisarkkitehtuuri.jpg","type":"image\/jpeg"}],"author":"Juha Kiiski","twitter_card":"summary_large_image","twitter_misc":{"Kirjoittanut":"Juha Kiiski","Arvioitu lukuaika":"1 minuutti"},"schema":{"@context":"https:\/\/schema.org","@graph":[{"@type":"Article","@id":"https:\/\/www.acerina.fi\/index.php\/2025\/04\/28\/kokonaisarkkitehtuuri-on-liiketoiminnan-johtamisen-valine\/#article","isPartOf":{"@id":"https:\/\/www.acerina.fi\/index.php\/2025\/04\/28\/kokonaisarkkitehtuuri-on-liiketoiminnan-johtamisen-valine\/"},"author":{"name":"Juha Kiiski","@id":"https:\/\/www.acerina.fi\/#\/schema\/person\/334963e1b514e58dce365a627e400745"},"headline":"Kokonaisarkkitehtuuri on kriittinen liiketoiminnan johtamisen v\u00e4line \u2013 kunhan se tehd\u00e4\u00e4n liiketoimintal\u00e4ht\u00f6isesti.","datePublished":"2025-04-28T05:14:28+00:00","mainEntityOfPage":{"@id":"https:\/\/www.acerina.fi\/index.php\/2025\/04\/28\/kokonaisarkkitehtuuri-on-liiketoiminnan-johtamisen-valine\/"},"wordCount":167,"commentCount":0,"publisher":{"@id":"https:\/\/www.acerina.fi\/#organization"},"image":{"@id":"https:\/\/www.acerina.fi\/index.php\/2025\/04\/28\/kokonaisarkkitehtuuri-on-liiketoiminnan-johtamisen-valine\/#primaryimage"},"thumbnailUrl":"https:\/\/www.acerina.fi\/wp-content\/uploads\/2025\/04\/kokonaisarkkitehtuuri.jpg","articleSection":["Uncategorized"],"inLanguage":"fi","potentialAction":[{"@type":"CommentAction","name":"Comment","target":["https:\/\/www.acerina.fi\/index.php\/2025\/04\/28\/kokonaisarkkitehtuuri-on-liiketoiminnan-johtamisen-valine\/#respond"]}]},{"@type":"WebPage","@id":"https:\/\/www.acerina.fi\/index.php\/2025\/04\/28\/kokonaisarkkitehtuuri-on-liiketoiminnan-johtamisen-valine\/","url":"https:\/\/www.acerina.fi\/index.php\/2025\/04\/28\/kokonaisarkkitehtuuri-on-liiketoiminnan-johtamisen-valine\/","name":"Kokonaisarkkitehtuuri on kriittinen liiketoiminnan johtamisen v\u00e4line \u2013 kunhan se tehd\u00e4\u00e4n liiketoimintal\u00e4ht\u00f6isesti. - Acerina Oy","isPartOf":{"@id":"https:\/\/www.acerina.fi\/#website"},"primaryImageOfPage":{"@id":"https:\/\/www.acerina.fi\/index.php\/2025\/04\/28\/kokonaisarkkitehtuuri-on-liiketoiminnan-johtamisen-valine\/#primaryimage"},"image":{"@id":"https:\/\/www.acerina.fi\/index.php\/2025\/04\/28\/kokonaisarkkitehtuuri-on-liiketoiminnan-johtamisen-valine\/#primaryimage"},"thumbnailUrl":"https:\/\/www.acerina.fi\/wp-content\/uploads\/2025\/04\/kokonaisarkkitehtuuri.jpg","datePublished":"2025-04-28T05:14:28+00:00","description":"Kokonaisarkkitehtuuri on kriittinen liiketoiminnan johtamisen v\u00e4line - kunhan se tehd\u00e4\u00e4n liiketoimintal\u00e4ht\u00f6isesti","breadcrumb":{"@id":"https:\/\/www.acerina.fi\/index.php\/2025\/04\/28\/kokonaisarkkitehtuuri-on-liiketoiminnan-johtamisen-valine\/#breadcrumb"},"inLanguage":"fi","potentialAction":[{"@type":"ReadAction","target":["https:\/\/www.acerina.fi\/index.php\/2025\/04\/28\/kokonaisarkkitehtuuri-on-liiketoiminnan-johtamisen-valine\/"]}]},{"@type":"ImageObject","inLanguage":"fi","@id":"https:\/\/www.acerina.fi\/index.php\/2025\/04\/28\/kokonaisarkkitehtuuri-on-liiketoiminnan-johtamisen-valine\/#primaryimage","url":"https:\/\/www.acerina.fi\/wp-content\/uploads\/2025\/04\/kokonaisarkkitehtuuri.jpg","contentUrl":"https:\/\/www.acerina.fi\/wp-content\/uploads\/2025\/04\/kokonaisarkkitehtuuri.jpg","width":1024,"height":576},{"@type":"BreadcrumbList","@id":"https:\/\/www.acerina.fi\/index.php\/2025\/04\/28\/kokonaisarkkitehtuuri-on-liiketoiminnan-johtamisen-valine\/#breadcrumb","itemListElement":[{"@type":"ListItem","position":1,"name":"Etusivu","item":"https:\/\/www.acerina.fi\/"},{"@type":"ListItem","position":2,"name":"Kokonaisarkkitehtuuri on kriittinen liiketoiminnan johtamisen v\u00e4line \u2013 kunhan se tehd\u00e4\u00e4n liiketoimintal\u00e4ht\u00f6isesti."}]},{"@type":"WebSite","@id":"https:\/\/www.acerina.fi\/#website","url":"https:\/\/www.acerina.fi\/","name":"Acerina Oy","description":"IT-johtamisen palvelut k&auml;ytt&ouml;&ouml;si","publisher":{"@id":"https:\/\/www.acerina.fi\/#organization"},"potentialAction":[{"@type":"SearchAction","target":{"@type":"EntryPoint","urlTemplate":"https:\/\/www.acerina.fi\/?s={search_term_string}"},"query-input":{"@type":"PropertyValueSpecification","valueRequired":true,"valueName":"search_term_string"}}],"inLanguage":"fi"},{"@type":"Organization","@id":"https:\/\/www.acerina.fi\/#organization","name":"Acerina Oy","url":"https:\/\/www.acerina.fi\/","logo":{"@type":"ImageObject","inLanguage":"fi","@id":"https:\/\/www.acerina.fi\/#\/schema\/logo\/image\/","url":"https:\/\/www.acerina.fi\/wp-content\/uploads\/2025\/03\/cropped-AcerinaNEW_logoPNG-valkoinen.png","contentUrl":"https:\/\/www.acerina.fi\/wp-content\/uploads\/2025\/03\/cropped-AcerinaNEW_logoPNG-valkoinen.png","width":470,"height":470,"caption":"Acerina Oy"},"image":{"@id":"https:\/\/www.acerina.fi\/#\/schema\/logo\/image\/"},"sameAs":["https:\/\/www.linkedin.com\/company\/acerina-oy\/"]},{"@type":"Person","@id":"https:\/\/www.acerina.fi\/#\/schema\/person\/334963e1b514e58dce365a627e400745","name":"Juha Kiiski","image":{"@type":"ImageObject","inLanguage":"fi","@id":"https:\/\/secure.gravatar.com\/avatar\/59f451d57d54726fd7d24f4ccf6c97b7d7460779809412bfc714c5848acaea24?s=96&d=mm&r=g","url":"https:\/\/secure.gravatar.com\/avatar\/59f451d57d54726fd7d24f4ccf6c97b7d7460779809412bfc714c5848acaea24?s=96&d=mm&r=g","contentUrl":"https:\/\/secure.gravatar.com\/avatar\/59f451d57d54726fd7d24f4ccf6c97b7d7460779809412bfc714c5848acaea24?s=96&d=mm&r=g","caption":"Juha Kiiski"},"url":"https:\/\/www.acerina.fi\/index.php\/author\/juha_kiiski\/"}]}},"_links":{"self":[{"href":"https:\/\/www.acerina.fi\/index.php\/wp-json\/wp\/v2\/posts\/222","targetHints":{"allow":["GET"]}}],"collection":[{"href":"https:\/\/www.acerina.fi\/index.php\/wp-json\/wp\/v2\/posts"}],"about":[{"href":"https:\/\/www.acerina.fi\/index.php\/wp-json\/wp\/v2\/types\/post"}],"author":[{"embeddable":true,"href":"https:\/\/www.acerina.fi\/index.php\/wp-json\/wp\/v2\/users\/2"}],"replies":[{"embeddable":true,"href":"https:\/\/www.acerina.fi\/index.php\/wp-json\/wp\/v2\/comments?post=222"}],"version-history":[{"count":1,"href":"https:\/\/www.acerina.fi\/index.php\/wp-json\/wp\/v2\/posts\/222\/revisions"}],"predecessor-version":[{"id":224,"href":"https:\/\/www.acerina.fi\/index.php\/wp-json\/wp\/v2\/posts\/222\/revisions\/224"}],"wp:featuredmedia":[{"embeddable":true,"href":"https:\/\/www.acerina.fi\/index.php\/wp-json\/wp\/v2\/media\/223"}],"wp:attachment":[{"href":"https:\/\/www.acerina.fi\/index.php\/wp-json\/wp\/v2\/media?parent=222"}],"wp:term":[{"taxonomy":"category","embeddable":true,"href":"https:\/\/www.acerina.fi\/index.php\/wp-json\/wp\/v2\/categories?post=222"},{"taxonomy":"post_tag","embeddable":true,"href":"https:\/\/www.acerina.fi\/index.php\/wp-json\/wp\/v2\/tags?post=222"}],"curies":[{"name":"wp","href":"https:\/\/api.w.org\/{rel}","templated":true}]}}