{"id":194,"date":"2025-04-14T06:17:10","date_gmt":"2025-04-14T06:17:10","guid":{"rendered":"https:\/\/www.acerina.fi\/?p=194"},"modified":"2025-04-14T06:17:10","modified_gmt":"2025-04-14T06:17:10","slug":"it-strategian-tulee-tukea-liiketoimintaa","status":"publish","type":"post","link":"https:\/\/www.acerina.fi\/index.php\/2025\/04\/14\/it-strategian-tulee-tukea-liiketoimintaa\/","title":{"rendered":"Jos IT-strategiasi ei tue liiketoimintaa, se on turha."},"content":{"rendered":"\n<p>Niin yksinkertaista se on.<\/p>\n\n\n\n<p>Liian monessa yrityksess\u00e4 IT py\u00f6rii omassa siilossaan \u2013 kehitet\u00e4\u00e4n j\u00e4rjestelmi\u00e4, investoidaan teknologiaan\u2026 mutta kukaan ei kysy: <em>&#8221;Miten t\u00e4m\u00e4 vie meid\u00e4n bisnest\u00e4 eteenp\u00e4in?&#8221;<\/em><\/p>\n\n\n\n<p>Fakta on: ilman liiketoimintal\u00e4ht\u00f6ist\u00e4 IT-strategiaa rakennetaan hienoja ratkaisuja, joilla ei ole arvoa.<\/p>\n\n\n\n<p>IT ei ole kuluer\u00e4. Se on kilpailuetu \u2013 jos sen rooli on m\u00e4\u00e4ritelty oikein.<\/p>\n\n\n\n<p>Hyvin laadittu IT-strategia:<\/p>\n\n\n\n<ul class=\"wp-block-list\">\n<li>tukee kasvua ja luo kilpailuetua<\/li>\n\n\n\n<li>mahdollistaa nopeamman p\u00e4\u00e4t\u00f6ksenteon<\/li>\n\n\n\n<li>varmistaa resurssien tehokkaan k\u00e4yt\u00f6n<\/li>\n<\/ul>\n\n\n\n<p>IT-strategian kuuluu l\u00e4hte\u00e4 liiketoimintastrategiasta, ei p\u00e4invastoin. Muuten ollaan v\u00e4\u00e4r\u00e4ss\u00e4 junassa, vaikka vauhti olisi kova.<\/p>\n\n\n\n<p><a href=\"https:\/\/www.acerina.fi\/index.php\/palvelut\/it-strategian-kehittaminen-ja-toimeenpano\/\">Lue lis\u00e4\u00e4, kuinka voimme auttaa sinua<\/a><\/p>\n\n\n\n<p>#itstrategia #johtaminen #digitaalinenstrategia #liiketoiminta #digitaalinenmurros<\/p>\n","protected":false},"excerpt":{"rendered":"<p>Niin yksinkertaista se on. Liian monessa yrityksess\u00e4 IT py\u00f6rii omassa siilossaan \u2013 kehitet\u00e4\u00e4n j\u00e4rjestelmi\u00e4, investoidaan teknologiaan\u2026 mutta kukaan ei kysy: &#8221;Miten t\u00e4m\u00e4 vie meid\u00e4n bisnest\u00e4 eteenp\u00e4in?&#8221; Fakta on: ilman liiketoimintal\u00e4ht\u00f6ist\u00e4 IT-strategiaa rakennetaan hienoja ratkaisuja, joilla ei ole arvoa. IT ei ole kuluer\u00e4. Se on kilpailuetu \u2013 jos sen rooli on m\u00e4\u00e4ritelty oikein. Hyvin laadittu IT-strategia: &hellip; <\/p>\n<p class=\"link-more\"><a href=\"https:\/\/www.acerina.fi\/index.php\/2025\/04\/14\/it-strategian-tulee-tukea-liiketoimintaa\/\" class=\"more-link\">Read more<span class=\"screen-reader-text\"> &#8221;Jos IT-strategiasi ei tue liiketoimintaa, se on turha.&#8221;<\/span><\/a><\/p>\n","protected":false},"author":2,"featured_media":195,"comment_status":"open","ping_status":"open","sticky":false,"template":"","format":"standard","meta":{"footnotes":""},"categories":[1],"tags":[],"class_list":["post-194","post","type-post","status-publish","format-standard","has-post-thumbnail","hentry","category-uncategorized"],"yoast_head":"<!-- This site is optimized with the Yoast SEO plugin v27.4 - https:\/\/yoast.com\/product\/yoast-seo-wordpress\/ -->\n<title>Jos IT-strategiasi ei tue liiketoimintaa, se on turha. - Acerina Oy<\/title>\n<meta name=\"description\" content=\"IT ei saa py\u00f6ri\u00e4 omassa siilossaan vaan tulee olla IT-strategia, joka tuottaa yrityksellesi lis\u00e4arvoa, tukee kasvua ja bisnest\u00e4\" \/>\n<meta name=\"robots\" content=\"index, follow, max-snippet:-1, max-image-preview:large, max-video-preview:-1\" \/>\n<link rel=\"canonical\" href=\"https:\/\/www.acerina.fi\/index.php\/2025\/04\/14\/it-strategian-tulee-tukea-liiketoimintaa\/\" \/>\n<meta property=\"og:locale\" content=\"fi_FI\" \/>\n<meta property=\"og:type\" content=\"article\" \/>\n<meta property=\"og:title\" content=\"Jos IT-strategiasi ei tue liiketoimintaa, se on turha. - Acerina Oy\" \/>\n<meta property=\"og:description\" content=\"IT ei saa py\u00f6ri\u00e4 omassa siilossaan vaan tulee olla IT-strategia, joka tuottaa yrityksellesi lis\u00e4arvoa, tukee kasvua ja bisnest\u00e4\" \/>\n<meta property=\"og:url\" content=\"https:\/\/www.acerina.fi\/index.php\/2025\/04\/14\/it-strategian-tulee-tukea-liiketoimintaa\/\" \/>\n<meta property=\"og:site_name\" content=\"Acerina Oy\" \/>\n<meta property=\"article:published_time\" content=\"2025-04-14T06:17:10+00:00\" \/>\n<meta property=\"og:image\" content=\"https:\/\/www.acerina.fi\/wp-content\/uploads\/2025\/04\/IT-strategia.jpg\" \/>\n\t<meta property=\"og:image:width\" content=\"1024\" \/>\n\t<meta property=\"og:image:height\" content=\"576\" \/>\n\t<meta property=\"og:image:type\" content=\"image\/jpeg\" \/>\n<meta name=\"author\" content=\"Juha Kiiski\" \/>\n<meta name=\"twitter:card\" content=\"summary_large_image\" \/>\n<meta name=\"twitter:label1\" content=\"Kirjoittanut\" \/>\n\t<meta name=\"twitter:data1\" content=\"Juha Kiiski\" \/>\n\t<meta name=\"twitter:label2\" content=\"Arvioitu lukuaika\" \/>\n\t<meta name=\"twitter:data2\" content=\"1 minuutti\" \/>\n<script type=\"application\/ld+json\" class=\"yoast-schema-graph\">{\"@context\":\"https:\\\/\\\/schema.org\",\"@graph\":[{\"@type\":\"Article\",\"@id\":\"https:\\\/\\\/www.acerina.fi\\\/index.php\\\/2025\\\/04\\\/14\\\/it-strategian-tulee-tukea-liiketoimintaa\\\/#article\",\"isPartOf\":{\"@id\":\"https:\\\/\\\/www.acerina.fi\\\/index.php\\\/2025\\\/04\\\/14\\\/it-strategian-tulee-tukea-liiketoimintaa\\\/\"},\"author\":{\"name\":\"Juha Kiiski\",\"@id\":\"https:\\\/\\\/www.acerina.fi\\\/#\\\/schema\\\/person\\\/334963e1b514e58dce365a627e400745\"},\"headline\":\"Jos IT-strategiasi ei tue liiketoimintaa, se on turha.\",\"datePublished\":\"2025-04-14T06:17:10+00:00\",\"mainEntityOfPage\":{\"@id\":\"https:\\\/\\\/www.acerina.fi\\\/index.php\\\/2025\\\/04\\\/14\\\/it-strategian-tulee-tukea-liiketoimintaa\\\/\"},\"wordCount\":115,\"commentCount\":0,\"publisher\":{\"@id\":\"https:\\\/\\\/www.acerina.fi\\\/#organization\"},\"image\":{\"@id\":\"https:\\\/\\\/www.acerina.fi\\\/index.php\\\/2025\\\/04\\\/14\\\/it-strategian-tulee-tukea-liiketoimintaa\\\/#primaryimage\"},\"thumbnailUrl\":\"https:\\\/\\\/www.acerina.fi\\\/wp-content\\\/uploads\\\/2025\\\/04\\\/IT-strategia.jpg\",\"articleSection\":[\"Uncategorized\"],\"inLanguage\":\"fi\",\"potentialAction\":[{\"@type\":\"CommentAction\",\"name\":\"Comment\",\"target\":[\"https:\\\/\\\/www.acerina.fi\\\/index.php\\\/2025\\\/04\\\/14\\\/it-strategian-tulee-tukea-liiketoimintaa\\\/#respond\"]}]},{\"@type\":\"WebPage\",\"@id\":\"https:\\\/\\\/www.acerina.fi\\\/index.php\\\/2025\\\/04\\\/14\\\/it-strategian-tulee-tukea-liiketoimintaa\\\/\",\"url\":\"https:\\\/\\\/www.acerina.fi\\\/index.php\\\/2025\\\/04\\\/14\\\/it-strategian-tulee-tukea-liiketoimintaa\\\/\",\"name\":\"Jos IT-strategiasi ei tue liiketoimintaa, se on turha. - Acerina Oy\",\"isPartOf\":{\"@id\":\"https:\\\/\\\/www.acerina.fi\\\/#website\"},\"primaryImageOfPage\":{\"@id\":\"https:\\\/\\\/www.acerina.fi\\\/index.php\\\/2025\\\/04\\\/14\\\/it-strategian-tulee-tukea-liiketoimintaa\\\/#primaryimage\"},\"image\":{\"@id\":\"https:\\\/\\\/www.acerina.fi\\\/index.php\\\/2025\\\/04\\\/14\\\/it-strategian-tulee-tukea-liiketoimintaa\\\/#primaryimage\"},\"thumbnailUrl\":\"https:\\\/\\\/www.acerina.fi\\\/wp-content\\\/uploads\\\/2025\\\/04\\\/IT-strategia.jpg\",\"datePublished\":\"2025-04-14T06:17:10+00:00\",\"description\":\"IT ei saa py\u00f6ri\u00e4 omassa siilossaan vaan tulee olla IT-strategia, joka tuottaa yrityksellesi lis\u00e4arvoa, tukee kasvua ja bisnest\u00e4\",\"breadcrumb\":{\"@id\":\"https:\\\/\\\/www.acerina.fi\\\/index.php\\\/2025\\\/04\\\/14\\\/it-strategian-tulee-tukea-liiketoimintaa\\\/#breadcrumb\"},\"inLanguage\":\"fi\",\"potentialAction\":[{\"@type\":\"ReadAction\",\"target\":[\"https:\\\/\\\/www.acerina.fi\\\/index.php\\\/2025\\\/04\\\/14\\\/it-strategian-tulee-tukea-liiketoimintaa\\\/\"]}]},{\"@type\":\"ImageObject\",\"inLanguage\":\"fi\",\"@id\":\"https:\\\/\\\/www.acerina.fi\\\/index.php\\\/2025\\\/04\\\/14\\\/it-strategian-tulee-tukea-liiketoimintaa\\\/#primaryimage\",\"url\":\"https:\\\/\\\/www.acerina.fi\\\/wp-content\\\/uploads\\\/2025\\\/04\\\/IT-strategia.jpg\",\"contentUrl\":\"https:\\\/\\\/www.acerina.fi\\\/wp-content\\\/uploads\\\/2025\\\/04\\\/IT-strategia.jpg\",\"width\":1024,\"height\":576,\"caption\":\"IT-strategian tulee tukea liiketoimintaa\"},{\"@type\":\"BreadcrumbList\",\"@id\":\"https:\\\/\\\/www.acerina.fi\\\/index.php\\\/2025\\\/04\\\/14\\\/it-strategian-tulee-tukea-liiketoimintaa\\\/#breadcrumb\",\"itemListElement\":[{\"@type\":\"ListItem\",\"position\":1,\"name\":\"Etusivu\",\"item\":\"https:\\\/\\\/www.acerina.fi\\\/\"},{\"@type\":\"ListItem\",\"position\":2,\"name\":\"Jos IT-strategiasi ei tue liiketoimintaa, se on turha.\"}]},{\"@type\":\"WebSite\",\"@id\":\"https:\\\/\\\/www.acerina.fi\\\/#website\",\"url\":\"https:\\\/\\\/www.acerina.fi\\\/\",\"name\":\"Acerina Oy\",\"description\":\"IT-johtamisen palvelut k&auml;ytt&ouml;&ouml;si\",\"publisher\":{\"@id\":\"https:\\\/\\\/www.acerina.fi\\\/#organization\"},\"potentialAction\":[{\"@type\":\"SearchAction\",\"target\":{\"@type\":\"EntryPoint\",\"urlTemplate\":\"https:\\\/\\\/www.acerina.fi\\\/?s={search_term_string}\"},\"query-input\":{\"@type\":\"PropertyValueSpecification\",\"valueRequired\":true,\"valueName\":\"search_term_string\"}}],\"inLanguage\":\"fi\"},{\"@type\":\"Organization\",\"@id\":\"https:\\\/\\\/www.acerina.fi\\\/#organization\",\"name\":\"Acerina Oy\",\"url\":\"https:\\\/\\\/www.acerina.fi\\\/\",\"logo\":{\"@type\":\"ImageObject\",\"inLanguage\":\"fi\",\"@id\":\"https:\\\/\\\/www.acerina.fi\\\/#\\\/schema\\\/logo\\\/image\\\/\",\"url\":\"https:\\\/\\\/www.acerina.fi\\\/wp-content\\\/uploads\\\/2025\\\/03\\\/cropped-AcerinaNEW_logoPNG-valkoinen.png\",\"contentUrl\":\"https:\\\/\\\/www.acerina.fi\\\/wp-content\\\/uploads\\\/2025\\\/03\\\/cropped-AcerinaNEW_logoPNG-valkoinen.png\",\"width\":470,\"height\":470,\"caption\":\"Acerina Oy\"},\"image\":{\"@id\":\"https:\\\/\\\/www.acerina.fi\\\/#\\\/schema\\\/logo\\\/image\\\/\"},\"sameAs\":[\"https:\\\/\\\/www.linkedin.com\\\/company\\\/acerina-oy\\\/\"]},{\"@type\":\"Person\",\"@id\":\"https:\\\/\\\/www.acerina.fi\\\/#\\\/schema\\\/person\\\/334963e1b514e58dce365a627e400745\",\"name\":\"Juha Kiiski\",\"image\":{\"@type\":\"ImageObject\",\"inLanguage\":\"fi\",\"@id\":\"https:\\\/\\\/secure.gravatar.com\\\/avatar\\\/59f451d57d54726fd7d24f4ccf6c97b7d7460779809412bfc714c5848acaea24?s=96&d=mm&r=g\",\"url\":\"https:\\\/\\\/secure.gravatar.com\\\/avatar\\\/59f451d57d54726fd7d24f4ccf6c97b7d7460779809412bfc714c5848acaea24?s=96&d=mm&r=g\",\"contentUrl\":\"https:\\\/\\\/secure.gravatar.com\\\/avatar\\\/59f451d57d54726fd7d24f4ccf6c97b7d7460779809412bfc714c5848acaea24?s=96&d=mm&r=g\",\"caption\":\"Juha Kiiski\"},\"url\":\"https:\\\/\\\/www.acerina.fi\\\/index.php\\\/author\\\/juha_kiiski\\\/\"}]}<\/script>\n<!-- \/ Yoast SEO plugin. -->","yoast_head_json":{"title":"Jos IT-strategiasi ei tue liiketoimintaa, se on turha. - Acerina Oy","description":"IT ei saa py\u00f6ri\u00e4 omassa siilossaan vaan tulee olla IT-strategia, joka tuottaa yrityksellesi lis\u00e4arvoa, tukee kasvua ja bisnest\u00e4","robots":{"index":"index","follow":"follow","max-snippet":"max-snippet:-1","max-image-preview":"max-image-preview:large","max-video-preview":"max-video-preview:-1"},"canonical":"https:\/\/www.acerina.fi\/index.php\/2025\/04\/14\/it-strategian-tulee-tukea-liiketoimintaa\/","og_locale":"fi_FI","og_type":"article","og_title":"Jos IT-strategiasi ei tue liiketoimintaa, se on turha. - Acerina Oy","og_description":"IT ei saa py\u00f6ri\u00e4 omassa siilossaan vaan tulee olla IT-strategia, joka tuottaa yrityksellesi lis\u00e4arvoa, tukee kasvua ja bisnest\u00e4","og_url":"https:\/\/www.acerina.fi\/index.php\/2025\/04\/14\/it-strategian-tulee-tukea-liiketoimintaa\/","og_site_name":"Acerina Oy","article_published_time":"2025-04-14T06:17:10+00:00","og_image":[{"width":1024,"height":576,"url":"https:\/\/www.acerina.fi\/wp-content\/uploads\/2025\/04\/IT-strategia.jpg","type":"image\/jpeg"}],"author":"Juha Kiiski","twitter_card":"summary_large_image","twitter_misc":{"Kirjoittanut":"Juha Kiiski","Arvioitu lukuaika":"1 minuutti"},"schema":{"@context":"https:\/\/schema.org","@graph":[{"@type":"Article","@id":"https:\/\/www.acerina.fi\/index.php\/2025\/04\/14\/it-strategian-tulee-tukea-liiketoimintaa\/#article","isPartOf":{"@id":"https:\/\/www.acerina.fi\/index.php\/2025\/04\/14\/it-strategian-tulee-tukea-liiketoimintaa\/"},"author":{"name":"Juha Kiiski","@id":"https:\/\/www.acerina.fi\/#\/schema\/person\/334963e1b514e58dce365a627e400745"},"headline":"Jos IT-strategiasi ei tue liiketoimintaa, se on turha.","datePublished":"2025-04-14T06:17:10+00:00","mainEntityOfPage":{"@id":"https:\/\/www.acerina.fi\/index.php\/2025\/04\/14\/it-strategian-tulee-tukea-liiketoimintaa\/"},"wordCount":115,"commentCount":0,"publisher":{"@id":"https:\/\/www.acerina.fi\/#organization"},"image":{"@id":"https:\/\/www.acerina.fi\/index.php\/2025\/04\/14\/it-strategian-tulee-tukea-liiketoimintaa\/#primaryimage"},"thumbnailUrl":"https:\/\/www.acerina.fi\/wp-content\/uploads\/2025\/04\/IT-strategia.jpg","articleSection":["Uncategorized"],"inLanguage":"fi","potentialAction":[{"@type":"CommentAction","name":"Comment","target":["https:\/\/www.acerina.fi\/index.php\/2025\/04\/14\/it-strategian-tulee-tukea-liiketoimintaa\/#respond"]}]},{"@type":"WebPage","@id":"https:\/\/www.acerina.fi\/index.php\/2025\/04\/14\/it-strategian-tulee-tukea-liiketoimintaa\/","url":"https:\/\/www.acerina.fi\/index.php\/2025\/04\/14\/it-strategian-tulee-tukea-liiketoimintaa\/","name":"Jos IT-strategiasi ei tue liiketoimintaa, se on turha. - Acerina Oy","isPartOf":{"@id":"https:\/\/www.acerina.fi\/#website"},"primaryImageOfPage":{"@id":"https:\/\/www.acerina.fi\/index.php\/2025\/04\/14\/it-strategian-tulee-tukea-liiketoimintaa\/#primaryimage"},"image":{"@id":"https:\/\/www.acerina.fi\/index.php\/2025\/04\/14\/it-strategian-tulee-tukea-liiketoimintaa\/#primaryimage"},"thumbnailUrl":"https:\/\/www.acerina.fi\/wp-content\/uploads\/2025\/04\/IT-strategia.jpg","datePublished":"2025-04-14T06:17:10+00:00","description":"IT ei saa py\u00f6ri\u00e4 omassa siilossaan vaan tulee olla IT-strategia, joka tuottaa yrityksellesi lis\u00e4arvoa, tukee kasvua ja bisnest\u00e4","breadcrumb":{"@id":"https:\/\/www.acerina.fi\/index.php\/2025\/04\/14\/it-strategian-tulee-tukea-liiketoimintaa\/#breadcrumb"},"inLanguage":"fi","potentialAction":[{"@type":"ReadAction","target":["https:\/\/www.acerina.fi\/index.php\/2025\/04\/14\/it-strategian-tulee-tukea-liiketoimintaa\/"]}]},{"@type":"ImageObject","inLanguage":"fi","@id":"https:\/\/www.acerina.fi\/index.php\/2025\/04\/14\/it-strategian-tulee-tukea-liiketoimintaa\/#primaryimage","url":"https:\/\/www.acerina.fi\/wp-content\/uploads\/2025\/04\/IT-strategia.jpg","contentUrl":"https:\/\/www.acerina.fi\/wp-content\/uploads\/2025\/04\/IT-strategia.jpg","width":1024,"height":576,"caption":"IT-strategian tulee tukea liiketoimintaa"},{"@type":"BreadcrumbList","@id":"https:\/\/www.acerina.fi\/index.php\/2025\/04\/14\/it-strategian-tulee-tukea-liiketoimintaa\/#breadcrumb","itemListElement":[{"@type":"ListItem","position":1,"name":"Etusivu","item":"https:\/\/www.acerina.fi\/"},{"@type":"ListItem","position":2,"name":"Jos IT-strategiasi ei tue liiketoimintaa, se on turha."}]},{"@type":"WebSite","@id":"https:\/\/www.acerina.fi\/#website","url":"https:\/\/www.acerina.fi\/","name":"Acerina Oy","description":"IT-johtamisen palvelut k&auml;ytt&ouml;&ouml;si","publisher":{"@id":"https:\/\/www.acerina.fi\/#organization"},"potentialAction":[{"@type":"SearchAction","target":{"@type":"EntryPoint","urlTemplate":"https:\/\/www.acerina.fi\/?s={search_term_string}"},"query-input":{"@type":"PropertyValueSpecification","valueRequired":true,"valueName":"search_term_string"}}],"inLanguage":"fi"},{"@type":"Organization","@id":"https:\/\/www.acerina.fi\/#organization","name":"Acerina Oy","url":"https:\/\/www.acerina.fi\/","logo":{"@type":"ImageObject","inLanguage":"fi","@id":"https:\/\/www.acerina.fi\/#\/schema\/logo\/image\/","url":"https:\/\/www.acerina.fi\/wp-content\/uploads\/2025\/03\/cropped-AcerinaNEW_logoPNG-valkoinen.png","contentUrl":"https:\/\/www.acerina.fi\/wp-content\/uploads\/2025\/03\/cropped-AcerinaNEW_logoPNG-valkoinen.png","width":470,"height":470,"caption":"Acerina Oy"},"image":{"@id":"https:\/\/www.acerina.fi\/#\/schema\/logo\/image\/"},"sameAs":["https:\/\/www.linkedin.com\/company\/acerina-oy\/"]},{"@type":"Person","@id":"https:\/\/www.acerina.fi\/#\/schema\/person\/334963e1b514e58dce365a627e400745","name":"Juha Kiiski","image":{"@type":"ImageObject","inLanguage":"fi","@id":"https:\/\/secure.gravatar.com\/avatar\/59f451d57d54726fd7d24f4ccf6c97b7d7460779809412bfc714c5848acaea24?s=96&d=mm&r=g","url":"https:\/\/secure.gravatar.com\/avatar\/59f451d57d54726fd7d24f4ccf6c97b7d7460779809412bfc714c5848acaea24?s=96&d=mm&r=g","contentUrl":"https:\/\/secure.gravatar.com\/avatar\/59f451d57d54726fd7d24f4ccf6c97b7d7460779809412bfc714c5848acaea24?s=96&d=mm&r=g","caption":"Juha Kiiski"},"url":"https:\/\/www.acerina.fi\/index.php\/author\/juha_kiiski\/"}]}},"_links":{"self":[{"href":"https:\/\/www.acerina.fi\/index.php\/wp-json\/wp\/v2\/posts\/194","targetHints":{"allow":["GET"]}}],"collection":[{"href":"https:\/\/www.acerina.fi\/index.php\/wp-json\/wp\/v2\/posts"}],"about":[{"href":"https:\/\/www.acerina.fi\/index.php\/wp-json\/wp\/v2\/types\/post"}],"author":[{"embeddable":true,"href":"https:\/\/www.acerina.fi\/index.php\/wp-json\/wp\/v2\/users\/2"}],"replies":[{"embeddable":true,"href":"https:\/\/www.acerina.fi\/index.php\/wp-json\/wp\/v2\/comments?post=194"}],"version-history":[{"count":1,"href":"https:\/\/www.acerina.fi\/index.php\/wp-json\/wp\/v2\/posts\/194\/revisions"}],"predecessor-version":[{"id":196,"href":"https:\/\/www.acerina.fi\/index.php\/wp-json\/wp\/v2\/posts\/194\/revisions\/196"}],"wp:featuredmedia":[{"embeddable":true,"href":"https:\/\/www.acerina.fi\/index.php\/wp-json\/wp\/v2\/media\/195"}],"wp:attachment":[{"href":"https:\/\/www.acerina.fi\/index.php\/wp-json\/wp\/v2\/media?parent=194"}],"wp:term":[{"taxonomy":"category","embeddable":true,"href":"https:\/\/www.acerina.fi\/index.php\/wp-json\/wp\/v2\/categories?post=194"},{"taxonomy":"post_tag","embeddable":true,"href":"https:\/\/www.acerina.fi\/index.php\/wp-json\/wp\/v2\/tags?post=194"}],"curies":[{"name":"wp","href":"https:\/\/api.w.org\/{rel}","templated":true}]}}