{"id":190,"date":"2025-04-09T08:09:33","date_gmt":"2025-04-09T08:09:33","guid":{"rendered":"https:\/\/www.acerina.fi\/?p=190"},"modified":"2025-04-09T08:09:34","modified_gmt":"2025-04-09T08:09:34","slug":"kriisivalmius-kuntoon","status":"publish","type":"post","link":"https:\/\/www.acerina.fi\/index.php\/2025\/04\/09\/kriisivalmius-kuntoon\/","title":{"rendered":"Mik\u00e4 on yrityksesi kriisivalmius"},"content":{"rendered":"\n<figure class=\"wp-block-gallery has-nested-images columns-default is-cropped wp-block-gallery-1 is-layout-flex wp-block-gallery-is-layout-flex\"><\/figure>\n\n\n\n<p>Kriisi voi odottaa ihan nurkan takana. Se voi olla mik\u00e4 tahansa, mik\u00e4 vaikuttaa yrityksen toimintaan tai sen maineeseen. Johtoryhm\u00e4n ja koko organisaation tulee osata toimia tehokkaasti ja oikea-aikaisesti t\u00e4llaisissa tilanteissa. Kysy itselt\u00e4si:<\/p>\n\n\n\n<ul class=\"wp-block-list\">\n<li>Tiedet\u00e4\u00e4nk\u00f6, keneen ollaan yhteydess\u00e4, jos ep\u00e4ill\u00e4\u00e4n kriisin olevan k\u00e4sill\u00e4<\/li>\n\n\n\n<li>Kuka toimii tiedotusv\u00e4lineisiin p\u00e4in puheenjohtajana ja tiet\u00e4v\u00e4tk\u00f6 muut kuka puhetta johtaa vai voiko kuka tahansa antaa lausuntoja tilanteesta<\/li>\n\n\n\n<li>Miten muut kriisinhallinnan roolit hoidetaan, kuten kuka pit\u00e4\u00e4 yll\u00e4 ajantasaista tilannekuvaa<br>Jos n\u00e4m\u00e4 asiat eiv\u00e4t ole kristallin kirkkaita, olisiko hyv\u00e4n s\u00e4\u00e4n aikana katsoa asiat kuntoon ja harjoitella tilanteen johtamista.<\/li>\n<\/ul>\n\n\n\n<p>Kartoitetaan teid\u00e4n kriisivalmiutenne ajoissa kuntoon ja tehd\u00e4\u00e4n kevyt ty\u00f6p\u00f6yt\u00e4harjoitus, jossa johtoryhm\u00e4 ja tarvittavat muut organisaation j\u00e4senet saavat dokumentoidun toimintamallin!<\/p>\n\n\n\n<p><a href=\"https:\/\/www.acerina.fi\/index.php\/palvelut\/kriisijohtamisen-kehittamispaketti\/\">Lue palvelusta lis\u00e4\u00e4\u2026<\/a><\/p>\n\n\n\n<p><a href=\"https:\/\/www.acerina.fi\/#yhteys\">Voit olla yhteydess\u00e4 tai j\u00e4tt\u00e4\u00e4 lomakkeella yhteydenottopyynn\u00f6n<\/a><\/p>\n","protected":false},"excerpt":{"rendered":"<p>Kriisi voi odottaa ihan nurkan takana. Se voi olla mik\u00e4 tahansa, mik\u00e4 vaikuttaa yrityksen toimintaan tai sen maineeseen. Johtoryhm\u00e4n ja koko organisaation tulee osata toimia tehokkaasti ja oikea-aikaisesti t\u00e4llaisissa tilanteissa. Kysy itselt\u00e4si: Kartoitetaan teid\u00e4n kriisivalmiutenne ajoissa kuntoon ja tehd\u00e4\u00e4n kevyt ty\u00f6p\u00f6yt\u00e4harjoitus, jossa johtoryhm\u00e4 ja tarvittavat muut organisaation j\u00e4senet saavat dokumentoidun toimintamallin! Lue palvelusta lis\u00e4\u00e4\u2026 Voit &hellip; <\/p>\n<p class=\"link-more\"><a href=\"https:\/\/www.acerina.fi\/index.php\/2025\/04\/09\/kriisivalmius-kuntoon\/\" class=\"more-link\">Read more<span class=\"screen-reader-text\"> &#8221;Mik\u00e4 on yrityksesi kriisivalmius&#8221;<\/span><\/a><\/p>\n","protected":false},"author":2,"featured_media":191,"comment_status":"open","ping_status":"open","sticky":false,"template":"","format":"standard","meta":{"footnotes":""},"categories":[1],"tags":[],"class_list":["post-190","post","type-post","status-publish","format-standard","has-post-thumbnail","hentry","category-uncategorized"],"yoast_head":"<!-- This site is optimized with the Yoast SEO plugin v27.4 - https:\/\/yoast.com\/product\/yoast-seo-wordpress\/ -->\n<title>Mik\u00e4 on yrityksesi kriisivalmius - Acerina Oy<\/title>\n<meta name=\"description\" content=\"Kriisi voi odottaa ihan nurkan takana. Johtoryhm\u00e4n tulee osata toimia tehokkaasti ja oikea-aikaisesti t\u00e4llaisissa tilanteissa.\" \/>\n<meta name=\"robots\" content=\"index, follow, max-snippet:-1, max-image-preview:large, max-video-preview:-1\" \/>\n<link rel=\"canonical\" href=\"https:\/\/www.acerina.fi\/index.php\/2025\/04\/09\/kriisivalmius-kuntoon\/\" \/>\n<meta property=\"og:locale\" content=\"fi_FI\" \/>\n<meta property=\"og:type\" content=\"article\" \/>\n<meta property=\"og:title\" content=\"Mik\u00e4 on yrityksesi kriisivalmius - Acerina Oy\" \/>\n<meta property=\"og:description\" content=\"Kriisi voi odottaa ihan nurkan takana. Johtoryhm\u00e4n tulee osata toimia tehokkaasti ja oikea-aikaisesti t\u00e4llaisissa tilanteissa.\" \/>\n<meta property=\"og:url\" content=\"https:\/\/www.acerina.fi\/index.php\/2025\/04\/09\/kriisivalmius-kuntoon\/\" \/>\n<meta property=\"og:site_name\" content=\"Acerina Oy\" \/>\n<meta property=\"article:published_time\" content=\"2025-04-09T08:09:33+00:00\" \/>\n<meta property=\"article:modified_time\" content=\"2025-04-09T08:09:34+00:00\" \/>\n<meta property=\"og:image\" content=\"https:\/\/www.acerina.fi\/wp-content\/uploads\/2025\/04\/tekoalykuva-kuva.jpg\" \/>\n\t<meta property=\"og:image:width\" content=\"1024\" \/>\n\t<meta property=\"og:image:height\" content=\"576\" \/>\n\t<meta property=\"og:image:type\" content=\"image\/jpeg\" \/>\n<meta name=\"author\" content=\"Juha Kiiski\" \/>\n<meta name=\"twitter:card\" content=\"summary_large_image\" \/>\n<meta name=\"twitter:label1\" content=\"Kirjoittanut\" \/>\n\t<meta name=\"twitter:data1\" content=\"Juha Kiiski\" \/>\n\t<meta name=\"twitter:label2\" content=\"Arvioitu lukuaika\" \/>\n\t<meta name=\"twitter:data2\" content=\"1 minuutti\" \/>\n<script type=\"application\/ld+json\" class=\"yoast-schema-graph\">{\"@context\":\"https:\\\/\\\/schema.org\",\"@graph\":[{\"@type\":\"Article\",\"@id\":\"https:\\\/\\\/www.acerina.fi\\\/index.php\\\/2025\\\/04\\\/09\\\/kriisivalmius-kuntoon\\\/#article\",\"isPartOf\":{\"@id\":\"https:\\\/\\\/www.acerina.fi\\\/index.php\\\/2025\\\/04\\\/09\\\/kriisivalmius-kuntoon\\\/\"},\"author\":{\"name\":\"Juha Kiiski\",\"@id\":\"https:\\\/\\\/www.acerina.fi\\\/#\\\/schema\\\/person\\\/334963e1b514e58dce365a627e400745\"},\"headline\":\"Mik\u00e4 on yrityksesi kriisivalmius\",\"datePublished\":\"2025-04-09T08:09:33+00:00\",\"dateModified\":\"2025-04-09T08:09:34+00:00\",\"mainEntityOfPage\":{\"@id\":\"https:\\\/\\\/www.acerina.fi\\\/index.php\\\/2025\\\/04\\\/09\\\/kriisivalmius-kuntoon\\\/\"},\"wordCount\":143,\"commentCount\":0,\"publisher\":{\"@id\":\"https:\\\/\\\/www.acerina.fi\\\/#organization\"},\"image\":{\"@id\":\"https:\\\/\\\/www.acerina.fi\\\/index.php\\\/2025\\\/04\\\/09\\\/kriisivalmius-kuntoon\\\/#primaryimage\"},\"thumbnailUrl\":\"https:\\\/\\\/www.acerina.fi\\\/wp-content\\\/uploads\\\/2025\\\/04\\\/tekoalykuva-kuva.jpg\",\"articleSection\":[\"Uncategorized\"],\"inLanguage\":\"fi\",\"potentialAction\":[{\"@type\":\"CommentAction\",\"name\":\"Comment\",\"target\":[\"https:\\\/\\\/www.acerina.fi\\\/index.php\\\/2025\\\/04\\\/09\\\/kriisivalmius-kuntoon\\\/#respond\"]}]},{\"@type\":\"WebPage\",\"@id\":\"https:\\\/\\\/www.acerina.fi\\\/index.php\\\/2025\\\/04\\\/09\\\/kriisivalmius-kuntoon\\\/\",\"url\":\"https:\\\/\\\/www.acerina.fi\\\/index.php\\\/2025\\\/04\\\/09\\\/kriisivalmius-kuntoon\\\/\",\"name\":\"Mik\u00e4 on yrityksesi kriisivalmius - Acerina Oy\",\"isPartOf\":{\"@id\":\"https:\\\/\\\/www.acerina.fi\\\/#website\"},\"primaryImageOfPage\":{\"@id\":\"https:\\\/\\\/www.acerina.fi\\\/index.php\\\/2025\\\/04\\\/09\\\/kriisivalmius-kuntoon\\\/#primaryimage\"},\"image\":{\"@id\":\"https:\\\/\\\/www.acerina.fi\\\/index.php\\\/2025\\\/04\\\/09\\\/kriisivalmius-kuntoon\\\/#primaryimage\"},\"thumbnailUrl\":\"https:\\\/\\\/www.acerina.fi\\\/wp-content\\\/uploads\\\/2025\\\/04\\\/tekoalykuva-kuva.jpg\",\"datePublished\":\"2025-04-09T08:09:33+00:00\",\"dateModified\":\"2025-04-09T08:09:34+00:00\",\"description\":\"Kriisi voi odottaa ihan nurkan takana. Johtoryhm\u00e4n tulee osata toimia tehokkaasti ja oikea-aikaisesti t\u00e4llaisissa tilanteissa.\",\"breadcrumb\":{\"@id\":\"https:\\\/\\\/www.acerina.fi\\\/index.php\\\/2025\\\/04\\\/09\\\/kriisivalmius-kuntoon\\\/#breadcrumb\"},\"inLanguage\":\"fi\",\"potentialAction\":[{\"@type\":\"ReadAction\",\"target\":[\"https:\\\/\\\/www.acerina.fi\\\/index.php\\\/2025\\\/04\\\/09\\\/kriisivalmius-kuntoon\\\/\"]}]},{\"@type\":\"ImageObject\",\"inLanguage\":\"fi\",\"@id\":\"https:\\\/\\\/www.acerina.fi\\\/index.php\\\/2025\\\/04\\\/09\\\/kriisivalmius-kuntoon\\\/#primaryimage\",\"url\":\"https:\\\/\\\/www.acerina.fi\\\/wp-content\\\/uploads\\\/2025\\\/04\\\/tekoalykuva-kuva.jpg\",\"contentUrl\":\"https:\\\/\\\/www.acerina.fi\\\/wp-content\\\/uploads\\\/2025\\\/04\\\/tekoalykuva-kuva.jpg\",\"width\":1024,\"height\":576},{\"@type\":\"BreadcrumbList\",\"@id\":\"https:\\\/\\\/www.acerina.fi\\\/index.php\\\/2025\\\/04\\\/09\\\/kriisivalmius-kuntoon\\\/#breadcrumb\",\"itemListElement\":[{\"@type\":\"ListItem\",\"position\":1,\"name\":\"Etusivu\",\"item\":\"https:\\\/\\\/www.acerina.fi\\\/\"},{\"@type\":\"ListItem\",\"position\":2,\"name\":\"Mik\u00e4 on yrityksesi kriisivalmius\"}]},{\"@type\":\"WebSite\",\"@id\":\"https:\\\/\\\/www.acerina.fi\\\/#website\",\"url\":\"https:\\\/\\\/www.acerina.fi\\\/\",\"name\":\"Acerina Oy\",\"description\":\"IT-johtamisen palvelut k&auml;ytt&ouml;&ouml;si\",\"publisher\":{\"@id\":\"https:\\\/\\\/www.acerina.fi\\\/#organization\"},\"potentialAction\":[{\"@type\":\"SearchAction\",\"target\":{\"@type\":\"EntryPoint\",\"urlTemplate\":\"https:\\\/\\\/www.acerina.fi\\\/?s={search_term_string}\"},\"query-input\":{\"@type\":\"PropertyValueSpecification\",\"valueRequired\":true,\"valueName\":\"search_term_string\"}}],\"inLanguage\":\"fi\"},{\"@type\":\"Organization\",\"@id\":\"https:\\\/\\\/www.acerina.fi\\\/#organization\",\"name\":\"Acerina Oy\",\"url\":\"https:\\\/\\\/www.acerina.fi\\\/\",\"logo\":{\"@type\":\"ImageObject\",\"inLanguage\":\"fi\",\"@id\":\"https:\\\/\\\/www.acerina.fi\\\/#\\\/schema\\\/logo\\\/image\\\/\",\"url\":\"https:\\\/\\\/www.acerina.fi\\\/wp-content\\\/uploads\\\/2025\\\/03\\\/cropped-AcerinaNEW_logoPNG-valkoinen.png\",\"contentUrl\":\"https:\\\/\\\/www.acerina.fi\\\/wp-content\\\/uploads\\\/2025\\\/03\\\/cropped-AcerinaNEW_logoPNG-valkoinen.png\",\"width\":470,\"height\":470,\"caption\":\"Acerina Oy\"},\"image\":{\"@id\":\"https:\\\/\\\/www.acerina.fi\\\/#\\\/schema\\\/logo\\\/image\\\/\"},\"sameAs\":[\"https:\\\/\\\/www.linkedin.com\\\/company\\\/acerina-oy\\\/\"]},{\"@type\":\"Person\",\"@id\":\"https:\\\/\\\/www.acerina.fi\\\/#\\\/schema\\\/person\\\/334963e1b514e58dce365a627e400745\",\"name\":\"Juha Kiiski\",\"image\":{\"@type\":\"ImageObject\",\"inLanguage\":\"fi\",\"@id\":\"https:\\\/\\\/secure.gravatar.com\\\/avatar\\\/59f451d57d54726fd7d24f4ccf6c97b7d7460779809412bfc714c5848acaea24?s=96&d=mm&r=g\",\"url\":\"https:\\\/\\\/secure.gravatar.com\\\/avatar\\\/59f451d57d54726fd7d24f4ccf6c97b7d7460779809412bfc714c5848acaea24?s=96&d=mm&r=g\",\"contentUrl\":\"https:\\\/\\\/secure.gravatar.com\\\/avatar\\\/59f451d57d54726fd7d24f4ccf6c97b7d7460779809412bfc714c5848acaea24?s=96&d=mm&r=g\",\"caption\":\"Juha Kiiski\"},\"url\":\"https:\\\/\\\/www.acerina.fi\\\/index.php\\\/author\\\/juha_kiiski\\\/\"}]}<\/script>\n<!-- \/ Yoast SEO plugin. -->","yoast_head_json":{"title":"Mik\u00e4 on yrityksesi kriisivalmius - Acerina Oy","description":"Kriisi voi odottaa ihan nurkan takana. Johtoryhm\u00e4n tulee osata toimia tehokkaasti ja oikea-aikaisesti t\u00e4llaisissa tilanteissa.","robots":{"index":"index","follow":"follow","max-snippet":"max-snippet:-1","max-image-preview":"max-image-preview:large","max-video-preview":"max-video-preview:-1"},"canonical":"https:\/\/www.acerina.fi\/index.php\/2025\/04\/09\/kriisivalmius-kuntoon\/","og_locale":"fi_FI","og_type":"article","og_title":"Mik\u00e4 on yrityksesi kriisivalmius - Acerina Oy","og_description":"Kriisi voi odottaa ihan nurkan takana. Johtoryhm\u00e4n tulee osata toimia tehokkaasti ja oikea-aikaisesti t\u00e4llaisissa tilanteissa.","og_url":"https:\/\/www.acerina.fi\/index.php\/2025\/04\/09\/kriisivalmius-kuntoon\/","og_site_name":"Acerina Oy","article_published_time":"2025-04-09T08:09:33+00:00","article_modified_time":"2025-04-09T08:09:34+00:00","og_image":[{"width":1024,"height":576,"url":"https:\/\/www.acerina.fi\/wp-content\/uploads\/2025\/04\/tekoalykuva-kuva.jpg","type":"image\/jpeg"}],"author":"Juha Kiiski","twitter_card":"summary_large_image","twitter_misc":{"Kirjoittanut":"Juha Kiiski","Arvioitu lukuaika":"1 minuutti"},"schema":{"@context":"https:\/\/schema.org","@graph":[{"@type":"Article","@id":"https:\/\/www.acerina.fi\/index.php\/2025\/04\/09\/kriisivalmius-kuntoon\/#article","isPartOf":{"@id":"https:\/\/www.acerina.fi\/index.php\/2025\/04\/09\/kriisivalmius-kuntoon\/"},"author":{"name":"Juha Kiiski","@id":"https:\/\/www.acerina.fi\/#\/schema\/person\/334963e1b514e58dce365a627e400745"},"headline":"Mik\u00e4 on yrityksesi kriisivalmius","datePublished":"2025-04-09T08:09:33+00:00","dateModified":"2025-04-09T08:09:34+00:00","mainEntityOfPage":{"@id":"https:\/\/www.acerina.fi\/index.php\/2025\/04\/09\/kriisivalmius-kuntoon\/"},"wordCount":143,"commentCount":0,"publisher":{"@id":"https:\/\/www.acerina.fi\/#organization"},"image":{"@id":"https:\/\/www.acerina.fi\/index.php\/2025\/04\/09\/kriisivalmius-kuntoon\/#primaryimage"},"thumbnailUrl":"https:\/\/www.acerina.fi\/wp-content\/uploads\/2025\/04\/tekoalykuva-kuva.jpg","articleSection":["Uncategorized"],"inLanguage":"fi","potentialAction":[{"@type":"CommentAction","name":"Comment","target":["https:\/\/www.acerina.fi\/index.php\/2025\/04\/09\/kriisivalmius-kuntoon\/#respond"]}]},{"@type":"WebPage","@id":"https:\/\/www.acerina.fi\/index.php\/2025\/04\/09\/kriisivalmius-kuntoon\/","url":"https:\/\/www.acerina.fi\/index.php\/2025\/04\/09\/kriisivalmius-kuntoon\/","name":"Mik\u00e4 on yrityksesi kriisivalmius - Acerina Oy","isPartOf":{"@id":"https:\/\/www.acerina.fi\/#website"},"primaryImageOfPage":{"@id":"https:\/\/www.acerina.fi\/index.php\/2025\/04\/09\/kriisivalmius-kuntoon\/#primaryimage"},"image":{"@id":"https:\/\/www.acerina.fi\/index.php\/2025\/04\/09\/kriisivalmius-kuntoon\/#primaryimage"},"thumbnailUrl":"https:\/\/www.acerina.fi\/wp-content\/uploads\/2025\/04\/tekoalykuva-kuva.jpg","datePublished":"2025-04-09T08:09:33+00:00","dateModified":"2025-04-09T08:09:34+00:00","description":"Kriisi voi odottaa ihan nurkan takana. Johtoryhm\u00e4n tulee osata toimia tehokkaasti ja oikea-aikaisesti t\u00e4llaisissa tilanteissa.","breadcrumb":{"@id":"https:\/\/www.acerina.fi\/index.php\/2025\/04\/09\/kriisivalmius-kuntoon\/#breadcrumb"},"inLanguage":"fi","potentialAction":[{"@type":"ReadAction","target":["https:\/\/www.acerina.fi\/index.php\/2025\/04\/09\/kriisivalmius-kuntoon\/"]}]},{"@type":"ImageObject","inLanguage":"fi","@id":"https:\/\/www.acerina.fi\/index.php\/2025\/04\/09\/kriisivalmius-kuntoon\/#primaryimage","url":"https:\/\/www.acerina.fi\/wp-content\/uploads\/2025\/04\/tekoalykuva-kuva.jpg","contentUrl":"https:\/\/www.acerina.fi\/wp-content\/uploads\/2025\/04\/tekoalykuva-kuva.jpg","width":1024,"height":576},{"@type":"BreadcrumbList","@id":"https:\/\/www.acerina.fi\/index.php\/2025\/04\/09\/kriisivalmius-kuntoon\/#breadcrumb","itemListElement":[{"@type":"ListItem","position":1,"name":"Etusivu","item":"https:\/\/www.acerina.fi\/"},{"@type":"ListItem","position":2,"name":"Mik\u00e4 on yrityksesi kriisivalmius"}]},{"@type":"WebSite","@id":"https:\/\/www.acerina.fi\/#website","url":"https:\/\/www.acerina.fi\/","name":"Acerina Oy","description":"IT-johtamisen palvelut k&auml;ytt&ouml;&ouml;si","publisher":{"@id":"https:\/\/www.acerina.fi\/#organization"},"potentialAction":[{"@type":"SearchAction","target":{"@type":"EntryPoint","urlTemplate":"https:\/\/www.acerina.fi\/?s={search_term_string}"},"query-input":{"@type":"PropertyValueSpecification","valueRequired":true,"valueName":"search_term_string"}}],"inLanguage":"fi"},{"@type":"Organization","@id":"https:\/\/www.acerina.fi\/#organization","name":"Acerina Oy","url":"https:\/\/www.acerina.fi\/","logo":{"@type":"ImageObject","inLanguage":"fi","@id":"https:\/\/www.acerina.fi\/#\/schema\/logo\/image\/","url":"https:\/\/www.acerina.fi\/wp-content\/uploads\/2025\/03\/cropped-AcerinaNEW_logoPNG-valkoinen.png","contentUrl":"https:\/\/www.acerina.fi\/wp-content\/uploads\/2025\/03\/cropped-AcerinaNEW_logoPNG-valkoinen.png","width":470,"height":470,"caption":"Acerina Oy"},"image":{"@id":"https:\/\/www.acerina.fi\/#\/schema\/logo\/image\/"},"sameAs":["https:\/\/www.linkedin.com\/company\/acerina-oy\/"]},{"@type":"Person","@id":"https:\/\/www.acerina.fi\/#\/schema\/person\/334963e1b514e58dce365a627e400745","name":"Juha Kiiski","image":{"@type":"ImageObject","inLanguage":"fi","@id":"https:\/\/secure.gravatar.com\/avatar\/59f451d57d54726fd7d24f4ccf6c97b7d7460779809412bfc714c5848acaea24?s=96&d=mm&r=g","url":"https:\/\/secure.gravatar.com\/avatar\/59f451d57d54726fd7d24f4ccf6c97b7d7460779809412bfc714c5848acaea24?s=96&d=mm&r=g","contentUrl":"https:\/\/secure.gravatar.com\/avatar\/59f451d57d54726fd7d24f4ccf6c97b7d7460779809412bfc714c5848acaea24?s=96&d=mm&r=g","caption":"Juha Kiiski"},"url":"https:\/\/www.acerina.fi\/index.php\/author\/juha_kiiski\/"}]}},"_links":{"self":[{"href":"https:\/\/www.acerina.fi\/index.php\/wp-json\/wp\/v2\/posts\/190","targetHints":{"allow":["GET"]}}],"collection":[{"href":"https:\/\/www.acerina.fi\/index.php\/wp-json\/wp\/v2\/posts"}],"about":[{"href":"https:\/\/www.acerina.fi\/index.php\/wp-json\/wp\/v2\/types\/post"}],"author":[{"embeddable":true,"href":"https:\/\/www.acerina.fi\/index.php\/wp-json\/wp\/v2\/users\/2"}],"replies":[{"embeddable":true,"href":"https:\/\/www.acerina.fi\/index.php\/wp-json\/wp\/v2\/comments?post=190"}],"version-history":[{"count":1,"href":"https:\/\/www.acerina.fi\/index.php\/wp-json\/wp\/v2\/posts\/190\/revisions"}],"predecessor-version":[{"id":192,"href":"https:\/\/www.acerina.fi\/index.php\/wp-json\/wp\/v2\/posts\/190\/revisions\/192"}],"wp:featuredmedia":[{"embeddable":true,"href":"https:\/\/www.acerina.fi\/index.php\/wp-json\/wp\/v2\/media\/191"}],"wp:attachment":[{"href":"https:\/\/www.acerina.fi\/index.php\/wp-json\/wp\/v2\/media?parent=190"}],"wp:term":[{"taxonomy":"category","embeddable":true,"href":"https:\/\/www.acerina.fi\/index.php\/wp-json\/wp\/v2\/categories?post=190"},{"taxonomy":"post_tag","embeddable":true,"href":"https:\/\/www.acerina.fi\/index.php\/wp-json\/wp\/v2\/tags?post=190"}],"curies":[{"name":"wp","href":"https:\/\/api.w.org\/{rel}","templated":true}]}}